{"id":20398,"date":"2023-03-04T11:14:19","date_gmt":"2023-03-04T11:14:19","guid":{"rendered":"https:\/\/hlrnet.com\/sites\/gzorg\/?p=20398"},"modified":"2023-03-04T11:14:19","modified_gmt":"2023-03-04T11:14:19","slug":"educacion-para-todos-tecnologia-universal-para-los-estudiantes-con-discapacidad","status":"publish","type":"post","link":"https:\/\/hlrnet.com\/sites\/gzorg\/educacion-para-todos-tecnologia-universal-para-los-estudiantes-con-discapacidad\/","title":{"rendered":"Educaci\u00f3n para todos: tecnolog\u00eda universal para los estudiantes con discapacidad"},"content":{"rendered":"<p>Educaci\u00f3n para todos: tecnolog\u00eda universal para los estudiantes con discapacidad. RAFAEL CONDE MELGUIZO y JORGE ANDR\u00c9S SERRANO |<\/p>\n<blockquote class=\"wp-embedded-content\" data-secret=\"kp4CvkCqyQ\"><p><a href=\"https:\/\/enpositivo.com\/2023\/02\/28\/educacion-para-todos-tecnologia-universal-para-los-estudiantes-con-discapacidad-rafael-conde-melguizo-y-jorge-andres-serrano\/\">Educaci\u00f3n para todos: tecnolog\u00eda universal para los estudiantes con discapacidad. RAFAEL CONDE MELGUIZO y JORGE ANDR\u00c9S SERRANO<\/a><\/p><\/blockquote>\n<p><iframe loading=\"lazy\" class=\"wp-embedded-content\" sandbox=\"allow-scripts\" security=\"restricted\" style=\"position: absolute; clip: rect(1px, 1px, 1px, 1px);\" title=\"\u00abEducaci\u00f3n para todos: tecnolog\u00eda universal para los estudiantes con discapacidad. RAFAEL CONDE MELGUIZO y JORGE ANDR\u00c9S SERRANO\u00bb \u2014 \" src=\"https:\/\/enpositivo.com\/2023\/02\/28\/educacion-para-todos-tecnologia-universal-para-los-estudiantes-con-discapacidad-rafael-conde-melguizo-y-jorge-andres-serrano\/embed\/#?secret=ORkqARYTRW#?secret=kp4CvkCqyQ\" data-secret=\"kp4CvkCqyQ\" width=\"600\" height=\"338\" frameborder=\"0\" marginwidth=\"0\" marginheight=\"0\" scrolling=\"no\"><\/iframe><\/p>\n","protected":false},"excerpt":{"rendered":"<p>Educaci\u00f3n para todos: tecnolog\u00eda universal para los estudiantes con discapacidad. RAFAEL CONDE MELGUIZO y JORGE ANDR\u00c9S SERRANO | Educaci\u00f3n para todos: tecnolog\u00eda universal para los estudiantes con discapacidad. RAFAEL CONDE MELGUIZO y JORGE ANDR\u00c9S SERRANO<\/p>\n","protected":false},"author":1,"featured_media":0,"comment_status":"closed","ping_status":"closed","sticky":false,"template":"","format":"standard","meta":{"footnotes":"","_wp_rev_ctl_limit":""},"categories":[39,60,52,1],"tags":[],"class_list":["post-20398","post","type-post","status-publish","format-standard","hentry","category-e-health","category-educatie","category-ergotherapie-interessantnieuws","category-interessantnieuws"],"publishpress_future_action":{"enabled":false,"date":"2026-05-03 20:41:01","action":"delete","newStatus":"draft","terms":[],"taxonomy":"category","extraData":[]},"publishpress_future_workflow_manual_trigger":{"enabledWorkflows":[]},"_links":{"self":[{"href":"https:\/\/hlrnet.com\/sites\/gzorg\/wp-json\/wp\/v2\/posts\/20398","targetHints":{"allow":["GET"]}}],"collection":[{"href":"https:\/\/hlrnet.com\/sites\/gzorg\/wp-json\/wp\/v2\/posts"}],"about":[{"href":"https:\/\/hlrnet.com\/sites\/gzorg\/wp-json\/wp\/v2\/types\/post"}],"author":[{"embeddable":true,"href":"https:\/\/hlrnet.com\/sites\/gzorg\/wp-json\/wp\/v2\/users\/1"}],"replies":[{"embeddable":true,"href":"https:\/\/hlrnet.com\/sites\/gzorg\/wp-json\/wp\/v2\/comments?post=20398"}],"version-history":[{"count":1,"href":"https:\/\/hlrnet.com\/sites\/gzorg\/wp-json\/wp\/v2\/posts\/20398\/revisions"}],"predecessor-version":[{"id":20399,"href":"https:\/\/hlrnet.com\/sites\/gzorg\/wp-json\/wp\/v2\/posts\/20398\/revisions\/20399"}],"wp:attachment":[{"href":"https:\/\/hlrnet.com\/sites\/gzorg\/wp-json\/wp\/v2\/media?parent=20398"}],"wp:term":[{"taxonomy":"category","embeddable":true,"href":"https:\/\/hlrnet.com\/sites\/gzorg\/wp-json\/wp\/v2\/categories?post=20398"},{"taxonomy":"post_tag","embeddable":true,"href":"https:\/\/hlrnet.com\/sites\/gzorg\/wp-json\/wp\/v2\/tags?post=20398"}],"curies":[{"name":"wp","href":"https:\/\/api.w.org\/{rel}","templated":true}]}}