{"id":368,"date":"2010-09-11T15:45:38","date_gmt":"2010-09-11T15:45:38","guid":{"rendered":"http:\/\/hlrnet.com\/sites\/alt164\/?p=368"},"modified":"2012-09-13T09:08:40","modified_gmt":"2012-09-13T09:08:40","slug":"11-09-dia-de-cataluna","status":"publish","type":"post","link":"https:\/\/hlrnet.com\/sites\/alt164\/11-09-dia-de-cataluna\/","title":{"rendered":"sept 11 D\u00eda de Catalu\u00f1a"},"content":{"rendered":"<p>11.09 D\u00eda de Catalu\u00f1a<\/p>\n","protected":false},"excerpt":{"rendered":"<p>11.09 D\u00eda de Catalu\u00f1a<\/p>\n","protected":false},"author":1,"featured_media":0,"comment_status":"closed","ping_status":"closed","sticky":false,"template":"","format":"standard","meta":{"iawp_total_views":0,"footnotes":"","_wp_rev_ctl_limit":""},"categories":[24],"tags":[],"class_list":["post-368","post","type-post","status-publish","format-standard","hentry","category-fiestas-y-dias-festivos"],"publishpress_future_action":{"enabled":false,"date":"2026-05-02 09:38:08","action":"delete","newStatus":"draft","terms":[],"taxonomy":"category","extraData":[]},"publishpress_future_workflow_manual_trigger":{"enabledWorkflows":[]},"_links":{"self":[{"href":"https:\/\/hlrnet.com\/sites\/alt164\/wp-json\/wp\/v2\/posts\/368","targetHints":{"allow":["GET"]}}],"collection":[{"href":"https:\/\/hlrnet.com\/sites\/alt164\/wp-json\/wp\/v2\/posts"}],"about":[{"href":"https:\/\/hlrnet.com\/sites\/alt164\/wp-json\/wp\/v2\/types\/post"}],"author":[{"embeddable":true,"href":"https:\/\/hlrnet.com\/sites\/alt164\/wp-json\/wp\/v2\/users\/1"}],"replies":[{"embeddable":true,"href":"https:\/\/hlrnet.com\/sites\/alt164\/wp-json\/wp\/v2\/comments?post=368"}],"version-history":[{"count":3,"href":"https:\/\/hlrnet.com\/sites\/alt164\/wp-json\/wp\/v2\/posts\/368\/revisions"}],"predecessor-version":[{"id":2140,"href":"https:\/\/hlrnet.com\/sites\/alt164\/wp-json\/wp\/v2\/posts\/368\/revisions\/2140"}],"wp:attachment":[{"href":"https:\/\/hlrnet.com\/sites\/alt164\/wp-json\/wp\/v2\/media?parent=368"}],"wp:term":[{"taxonomy":"category","embeddable":true,"href":"https:\/\/hlrnet.com\/sites\/alt164\/wp-json\/wp\/v2\/categories?post=368"},{"taxonomy":"post_tag","embeddable":true,"href":"https:\/\/hlrnet.com\/sites\/alt164\/wp-json\/wp\/v2\/tags?post=368"}],"curies":[{"name":"wp","href":"https:\/\/api.w.org\/{rel}","templated":true}]}}