{"id":28369,"date":"2026-09-04T18:46:01","date_gmt":"2026-09-04T18:46:01","guid":{"rendered":"https:\/\/hlrnet.com\/sites\/alt164\/?p=28369"},"modified":"2026-09-04T18:46:01","modified_gmt":"2026-09-04T18:46:01","slug":"noticias-positivas-del-4-9-26","status":"publish","type":"post","link":"https:\/\/hlrnet.com\/sites\/alt164\/noticias-positivas-del-4-9-26\/","title":{"rendered":"Noticias positivas del 4\/9\/26"},"content":{"rendered":"<p>Energ\u00eda solar abastece al 50% de hogares en Espa\u00f1a &#8211; <a href=\"http:\/\/enpositivo.com\" class=\"autohyperlink\">enpositivo.com<\/a><\/p>\n<blockquote class=\"wp-embedded-content\" data-secret=\"geXliESANV\"><p><a href=\"https:\/\/www.enpositivo.com\/2026\/09\/01\/energia-solar-abastece-al-50-de-hogares-en-espana\/\">Energ\u00eda solar abastece al 50% de hogares en Espa\u00f1a<\/a><\/p><\/blockquote>\n<p><iframe loading=\"lazy\" class=\"wp-embedded-content\" sandbox=\"allow-scripts\" security=\"restricted\" style=\"position: absolute; visibility: hidden;\" title=\"\u00abEnerg\u00eda solar abastece al 50% de hogares en Espa\u00f1a\u00bb \u2014 enpositivo.com\" src=\"https:\/\/www.enpositivo.com\/2026\/09\/01\/energia-solar-abastece-al-50-de-hogares-en-espana\/embed\/#?secret=tY5oXXKjhM#?secret=geXliESANV\" data-secret=\"geXliESANV\" width=\"600\" height=\"338\" frameborder=\"0\" marginwidth=\"0\" marginheight=\"0\" scrolling=\"no\"><\/iframe><\/p>\n<p>Nuevo tratamiento reduce la progresi\u00f3n del Alzheimer &#8211; <a href=\"http:\/\/enpositivo.com\" class=\"autohyperlink\">enpositivo.com<\/a><\/p>\n<blockquote class=\"wp-embedded-content\" data-secret=\"JvRwYoCZux\"><p><a href=\"https:\/\/www.enpositivo.com\/2026\/09\/01\/nuevo-tratamiento-reduce-la-progresion-del-alzheimer\/\">Nuevo tratamiento reduce la progresi\u00f3n del Alzheimer<\/a><\/p><\/blockquote>\n<p><iframe loading=\"lazy\" class=\"wp-embedded-content\" sandbox=\"allow-scripts\" security=\"restricted\" style=\"position: absolute; visibility: hidden;\" title=\"\u00abNuevo tratamiento reduce la progresi\u00f3n del Alzheimer\u00bb \u2014 enpositivo.com\" src=\"https:\/\/www.enpositivo.com\/2026\/09\/01\/nuevo-tratamiento-reduce-la-progresion-del-alzheimer\/embed\/#?secret=UT7aOfI65S#?secret=JvRwYoCZux\" data-secret=\"JvRwYoCZux\" width=\"600\" height=\"338\" frameborder=\"0\" marginwidth=\"0\" marginheight=\"0\" scrolling=\"no\"><\/iframe><\/p>\n<p>PIB de M\u00e9xico crece 2.1% en segundo trimestre de 2026 &#8211; <a href=\"http:\/\/enpositivo.com\" class=\"autohyperlink\">enpositivo.com<\/a><\/p>\n<blockquote class=\"wp-embedded-content\" data-secret=\"MvnfutMbYS\"><p><a href=\"https:\/\/www.enpositivo.com\/2026\/09\/01\/pib-de-mexico-crece-2-1-en-segundo-trimestre-de-2026\/\">PIB de M\u00e9xico crece 2.1% en segundo trimestre de 2026<\/a><\/p><\/blockquote>\n<p><iframe loading=\"lazy\" class=\"wp-embedded-content\" sandbox=\"allow-scripts\" security=\"restricted\" style=\"position: absolute; visibility: hidden;\" title=\"\u00abPIB de M\u00e9xico crece 2.1% en segundo trimestre de 2026\u00bb \u2014 enpositivo.com\" src=\"https:\/\/www.enpositivo.com\/2026\/09\/01\/pib-de-mexico-crece-2-1-en-segundo-trimestre-de-2026\/embed\/#?secret=pJbs27CVY2#?secret=MvnfutMbYS\" data-secret=\"MvnfutMbYS\" width=\"600\" height=\"338\" frameborder=\"0\" marginwidth=\"0\" marginheight=\"0\" scrolling=\"no\"><\/iframe><\/p>\n<p>La ONU destaca avances en agua, saneamiento y conectividad global &#8211; <a href=\"http:\/\/enpositivo.com\" class=\"autohyperlink\">enpositivo.com<\/a><\/p>\n<blockquote class=\"wp-embedded-content\" data-secret=\"zf3JgJllYA\"><p><a href=\"https:\/\/www.enpositivo.com\/2026\/08\/23\/la-onu-destaca-avances-en-agua-saneamiento-y-conectividad-global\/\">La ONU destaca avances en agua, saneamiento y conectividad global<\/a><\/p><\/blockquote>\n<p><iframe loading=\"lazy\" class=\"wp-embedded-content\" sandbox=\"allow-scripts\" security=\"restricted\" style=\"position: absolute; visibility: hidden;\" title=\"\u00abLa ONU destaca avances en agua, saneamiento y conectividad global\u00bb \u2014 enpositivo.com\" src=\"https:\/\/www.enpositivo.com\/2026\/08\/23\/la-onu-destaca-avances-en-agua-saneamiento-y-conectividad-global\/embed\/#?secret=ngP9IEQ2wq#?secret=zf3JgJllYA\" data-secret=\"zf3JgJllYA\" width=\"600\" height=\"338\" frameborder=\"0\" marginwidth=\"0\" marginheight=\"0\" scrolling=\"no\"><\/iframe><\/p>\n<p>Nueva terapia ralentiza la progresi\u00f3n de la esclerosis m\u00faltiple &#8211; <a href=\"http:\/\/enpositivo.com\" class=\"autohyperlink\">enpositivo.com<\/a><\/p>\n<blockquote class=\"wp-embedded-content\" data-secret=\"mxbAyAcyfk\"><p><a href=\"https:\/\/www.enpositivo.com\/2026\/08\/23\/nueva-terapia-ralentiza-la-progresion-de-la-esclerosis-multiple\/\">Nueva terapia ralentiza la progresi\u00f3n de la esclerosis m\u00faltiple<\/a><\/p><\/blockquote>\n<p><iframe loading=\"lazy\" class=\"wp-embedded-content\" sandbox=\"allow-scripts\" security=\"restricted\" style=\"position: absolute; visibility: hidden;\" title=\"\u00abNueva terapia ralentiza la progresi\u00f3n de la esclerosis m\u00faltiple\u00bb \u2014 enpositivo.com\" src=\"https:\/\/www.enpositivo.com\/2026\/08\/23\/nueva-terapia-ralentiza-la-progresion-de-la-esclerosis-multiple\/embed\/#?secret=yT56YiyAtV#?secret=mxbAyAcyfk\" data-secret=\"mxbAyAcyfk\" width=\"600\" height=\"338\" frameborder=\"0\" marginwidth=\"0\" marginheight=\"0\" scrolling=\"no\"><\/iframe><\/p>\n<p>Merck y Moderna logran \u00e9xito en vacuna personalizada contra el c\u00e1ncer &#8211; <a href=\"http:\/\/enpositivo.com\" class=\"autohyperlink\">enpositivo.com<\/a><\/p>\n<blockquote class=\"wp-embedded-content\" data-secret=\"CoculhFvZ0\"><p><a href=\"https:\/\/www.enpositivo.com\/2026\/08\/25\/merck-y-moderna-logran-exito-en-vacuna-personalizada-contra-el-cancer\/\">Merck y Moderna logran \u00e9xito en vacuna personalizada contra el c\u00e1ncer<\/a><\/p><\/blockquote>\n<p><iframe loading=\"lazy\" class=\"wp-embedded-content\" sandbox=\"allow-scripts\" security=\"restricted\" style=\"position: absolute; visibility: hidden;\" title=\"\u00abMerck y Moderna logran \u00e9xito en vacuna personalizada contra el c\u00e1ncer\u00bb \u2014 enpositivo.com\" src=\"https:\/\/www.enpositivo.com\/2026\/08\/25\/merck-y-moderna-logran-exito-en-vacuna-personalizada-contra-el-cancer\/embed\/#?secret=jvvAwIToIH#?secret=CoculhFvZ0\" data-secret=\"CoculhFvZ0\" width=\"600\" height=\"338\" frameborder=\"0\" marginwidth=\"0\" marginheight=\"0\" scrolling=\"no\"><\/iframe><\/p>\n<p>Rescate &#8216;milagro&#8217; en Nepal de 2 trabajadores en un t\u00fanel diez d\u00edas despu\u00e9s de la riada mortal: \u00abNo pod\u00eda huir solo\u00bb<br \/>\n<a href=\"https:\/\/www.20minutos.es\/internacional\/rescatan-con-vida-dos-trabajadores-un-tunel-diez-dias-despues-riada-nepal_7032706_0.html\" class=\"autohyperlink\">www.20minutos.es\/internacional\/rescatan-con-vida-dos-trabajadores-un-tunel-diez-dias-despues-riada-nepal_7032706_0.html<\/a><\/p>\n<p>Y ADEMAS INTERESANTE O POR LO MENOS IMPORTANTE<\/p>\n<p>La locura de tener hijos como acto de esperanza y resistencia | Opini\u00f3n | EL PA\u00cdS<br \/>\n<a href=\"https:\/\/elpais.com\/opinion\/2026-09-04\/la-locura-de-tener-hijos-como-acto-de-esperanza-y-resistencia.html\" class=\"autohyperlink\">elpais.com\/opinion\/2026-09-04\/la-locura-de-tener-hijos-como-acto-de-esperanza-y-resistencia.html<\/a><\/p>\n<p>La realidad fue peor que \u2018Zoolander\u2019: la parodia que profetiz\u00f3 el mundo \u2018influencer\u2019 hace 25 a\u00f1os | ICON | EL PA\u00cdS<br \/>\nLa comedia disparatada de Ben Stiller sobre el mundo de la moda anticip\u00f3 en 2001 las poses de Instagram, las derivas del fe\u00edsmo de lujo y la cultura de los creadores de contenido<br \/>\n<a href=\"https:\/\/elpais.com\/icon\/2026-09-04\/la-realidad-fue-peor-que-zoolander-la-parodia-que-profetizo-el-mundo-influencer-hace-25-anos.html\" class=\"autohyperlink\">elpais.com\/icon\/2026-09-04\/la-realidad-fue-peor-que-zoolander-la-parodia-que-profetizo-el-mundo-influencer-hace-25-anos.html<\/a><\/p>\n<p>El ADN antiguo de f\u00f3siles revela que el \u00abguepardo americano\u00bb no era un guepardo<br \/>\n<a href=\"https:\/\/www.20minutos.es\/ciencia\/adn-antiguo-fosiles-revela-que-guepardo-americano-no-era-un-guepardo_7033055_0.html\" class=\"autohyperlink\">www.20minutos.es\/ciencia\/adn-antiguo-fosiles-revela-que-guepardo-americano-no-era-un-guepardo_7033055_0.html<\/a><\/p>\n<p>La ONU adopta un nuevo mapa de \u00c1frica m\u00e1s ajustado a las dimensiones reales, en una resoluci\u00f3n no vinculante | Planeta Futuro | EL PA\u00cdS<br \/>\n<a href=\"https:\/\/elpais.com\/planeta-futuro\/2026-09-04\/la-onu-adopta-un-nuevo-mapa-de-africa-mas-ajustado-a-las-dimensiones-reales-en-una-resolucion-no-vinculante.html\" class=\"autohyperlink\">elpais.com\/planeta-futuro\/2026-09-04\/la-onu-adopta-un-nuevo-mapa-de-africa-mas-ajustado-a-las-dimensiones-reales-en-una-resolucion-no-vinculante.html<\/a><\/p>\n<p>Los mapas del mundo, a punto de cambiar: la ONU da luz verde a que se adopte una nueva versi\u00f3n que muestra el tama\u00f1o real de \u00c1frica<br \/>\n<a href=\"https:\/\/www.20minutos.es\/internacional\/los-mapas-mundo-punto-cambiar-onu-da-luz-verde-que-se-adopte-una-nueva-version-que-muestra-tamano-real-africa_7033088_0.html\" class=\"autohyperlink\">www.20minutos.es\/internacional\/los-mapas-mundo-punto-cambiar-onu-da-luz-verde-que-se-adopte-una-nueva-version-que-muestra-tamano-real-africa_7033088_0.html<\/a><\/p>\n<p>El Gobierno propone un impuesto a las petroleras y gas\u00edsticas para financiar las medidas clim\u00e1ticas<br \/>\n<a href=\"https:\/\/www.20minutos.es\/lainformacion\/economia-y-finanzas\/espana-propone-ue-gravar-los-beneficios-petroleros-para-financiar-medidas-climaticas_7032806_0.html\" class=\"autohyperlink\">www.20minutos.es\/lainformacion\/economia-y-finanzas\/espana-propone-ue-gravar-los-beneficios-petroleros-para-financiar-medidas-climaticas_7032806_0.html<\/a><\/p>\n<p>&nbsp;<\/p>\n<p>&nbsp;<\/p>\n","protected":false},"excerpt":{"rendered":"<p>Energ\u00eda solar abastece al 50% de hogares en Espa\u00f1a &#8211; <a href=\"http:\/\/enpositivo.com\" class=\"autohyperlink\">enpositivo.com<\/a> Energ\u00eda solar abastece al 50% de hogares en Espa\u00f1a Nuevo tratamiento reduce la progresi\u00f3n del Alzheimer &#8211; <a href=\"http:\/\/enpositivo.com\" class=\"autohyperlink\">enpositivo.com<\/a> Nuevo tratamiento reduce la progresi\u00f3n del Alzheimer PIB de M\u00e9xico crece 2.1% en segundo trimestre de 2026 &#8211; <a href=\"http:\/\/enpositivo.com\" class=\"autohyperlink\">enpositivo.com<\/a> PIB de<\/p>\n","protected":false},"author":1,"featured_media":0,"comment_status":"closed","ping_status":"closed","sticky":false,"template":"","format":"standard","meta":{"iawp_total_views":0,"footnotes":"","_wp_rev_ctl_limit":""},"categories":[175],"tags":[197],"class_list":["post-28369","post","type-post","status-publish","format-standard","hentry","category-noticias-positivas","tag-noticias-positivas"],"publishpress_future_action":{"enabled":false,"date":"2026-09-12 04:43:50","action":"delete","newStatus":"draft","terms":[],"taxonomy":"category","extraData":[]},"publishpress_future_workflow_manual_trigger":{"enabledWorkflows":[]},"_links":{"self":[{"href":"https:\/\/hlrnet.com\/sites\/alt164\/wp-json\/wp\/v2\/posts\/28369","targetHints":{"allow":["GET"]}}],"collection":[{"href":"https:\/\/hlrnet.com\/sites\/alt164\/wp-json\/wp\/v2\/posts"}],"about":[{"href":"https:\/\/hlrnet.com\/sites\/alt164\/wp-json\/wp\/v2\/types\/post"}],"author":[{"embeddable":true,"href":"https:\/\/hlrnet.com\/sites\/alt164\/wp-json\/wp\/v2\/users\/1"}],"replies":[{"embeddable":true,"href":"https:\/\/hlrnet.com\/sites\/alt164\/wp-json\/wp\/v2\/comments?post=28369"}],"version-history":[{"count":1,"href":"https:\/\/hlrnet.com\/sites\/alt164\/wp-json\/wp\/v2\/posts\/28369\/revisions"}],"predecessor-version":[{"id":28370,"href":"https:\/\/hlrnet.com\/sites\/alt164\/wp-json\/wp\/v2\/posts\/28369\/revisions\/28370"}],"wp:attachment":[{"href":"https:\/\/hlrnet.com\/sites\/alt164\/wp-json\/wp\/v2\/media?parent=28369"}],"wp:term":[{"taxonomy":"category","embeddable":true,"href":"https:\/\/hlrnet.com\/sites\/alt164\/wp-json\/wp\/v2\/categories?post=28369"},{"taxonomy":"post_tag","embeddable":true,"href":"https:\/\/hlrnet.com\/sites\/alt164\/wp-json\/wp\/v2\/tags?post=28369"}],"curies":[{"name":"wp","href":"https:\/\/api.w.org\/{rel}","templated":true}]}}