{"id":27973,"date":"2026-05-01T08:42:38","date_gmt":"2026-05-01T08:42:38","guid":{"rendered":"https:\/\/hlrnet.com\/sites\/alt164\/?p=27973"},"modified":"2026-05-01T08:42:38","modified_gmt":"2026-05-01T08:42:38","slug":"2026-05-05-tecnologia-con-sentido","status":"publish","type":"post","link":"https:\/\/hlrnet.com\/sites\/alt164\/2026-05-05-tecnologia-con-sentido\/","title":{"rendered":"2026.05.05 Tecnolog\u00eda con sentido"},"content":{"rendered":"<p>Ap\u00fantate ahora al siguiente webinario de la serie Pedagog\u00eda Activa Edinumen sobre \u00abTecnolog\u00eda con sentido\u00bb.<br \/>\n5 de mayo de 2026<br \/>\nImplementaci\u00f3n de la inteligencia artificial cr\u00edtica en la clase de ELE \u2013 Eventos Edinumen<\/p>\n<blockquote class=\"wp-embedded-content\" data-secret=\"9zM6ybk37J\"><p><a href=\"https:\/\/eventos.edinumen.es\/eventos\/implementacion-de-la-inteligencia-artificial-critica-en-la-clase-de-ele\/\">Implementaci\u00f3n de la inteligencia artificial cr\u00edtica en la clase de ELE<\/a><\/p><\/blockquote>\n<p><iframe loading=\"lazy\" class=\"wp-embedded-content\" sandbox=\"allow-scripts\" security=\"restricted\" style=\"position: absolute; visibility: hidden;\" title=\"\u00abImplementaci\u00f3n de la inteligencia artificial cr\u00edtica en la clase de ELE\u00bb \u2014 Eventos Edinumen\" src=\"https:\/\/eventos.edinumen.es\/eventos\/implementacion-de-la-inteligencia-artificial-critica-en-la-clase-de-ele\/embed\/#?secret=j7rxWy2uZB#?secret=9zM6ybk37J\" data-secret=\"9zM6ybk37J\" width=\"600\" height=\"338\" frameborder=\"0\" marginwidth=\"0\" marginheight=\"0\" scrolling=\"no\"><\/iframe><\/p>\n<div id=\"simple-translate\" class=\"simple-translate-system-theme\">\n<div>\n<div class=\"simple-translate-button isShow\" style=\"background-image: url('moz-extension:\/\/4fe9cde6-e923-4f4e-95a2-0682052323f6\/icons\/512.png'); height: 22px; width: 22px; top: 50px; left: 675px;\"><\/div>\n<div class=\"simple-translate-panel \" style=\"width: 300px; height: 200px; top: 0px; left: 0px; font-size: 13px;\">\n<div class=\"simple-translate-result-wrapper\" style=\"overflow: hidden;\">\n<div class=\"simple-translate-move\" draggable=\"true\"><\/div>\n<div class=\"simple-translate-result-contents\">\n<p class=\"simple-translate-result\" dir=\"auto\">\n<p class=\"simple-translate-candidate\" dir=\"auto\">\n<\/div>\n<\/div>\n<\/div>\n<\/div>\n<\/div>\n","protected":false},"excerpt":{"rendered":"<p>Ap\u00fantate ahora al siguiente webinario de la serie Pedagog\u00eda Activa Edinumen sobre \u00abTecnolog\u00eda con sentido\u00bb. 5 de mayo de 2026 Implementaci\u00f3n de la inteligencia artificial cr\u00edtica en la clase de ELE \u2013 Eventos Edinumen Implementaci\u00f3n de la inteligencia artificial cr\u00edtica en la clase de ELE<\/p>\n","protected":false},"author":1,"featured_media":0,"comment_status":"closed","ping_status":"closed","sticky":false,"template":"","format":"standard","meta":{"iawp_total_views":0,"footnotes":"","_wp_rev_ctl_limit":""},"categories":[3,64,5,9],"tags":[],"class_list":["post-27973","post","type-post","status-publish","format-standard","hentry","category-agenda","category-en-linea","category-internacional","category-jornadas-y-congresos-int"],"publishpress_future_action":{"enabled":true,"date":"2026-05-05 20:41:00","action":"delete","newStatus":"draft","terms":[0],"taxonomy":"category","extraData":[]},"publishpress_future_workflow_manual_trigger":{"enabledWorkflows":[]},"_links":{"self":[{"href":"https:\/\/hlrnet.com\/sites\/alt164\/wp-json\/wp\/v2\/posts\/27973","targetHints":{"allow":["GET"]}}],"collection":[{"href":"https:\/\/hlrnet.com\/sites\/alt164\/wp-json\/wp\/v2\/posts"}],"about":[{"href":"https:\/\/hlrnet.com\/sites\/alt164\/wp-json\/wp\/v2\/types\/post"}],"author":[{"embeddable":true,"href":"https:\/\/hlrnet.com\/sites\/alt164\/wp-json\/wp\/v2\/users\/1"}],"replies":[{"embeddable":true,"href":"https:\/\/hlrnet.com\/sites\/alt164\/wp-json\/wp\/v2\/comments?post=27973"}],"version-history":[{"count":1,"href":"https:\/\/hlrnet.com\/sites\/alt164\/wp-json\/wp\/v2\/posts\/27973\/revisions"}],"predecessor-version":[{"id":27974,"href":"https:\/\/hlrnet.com\/sites\/alt164\/wp-json\/wp\/v2\/posts\/27973\/revisions\/27974"}],"wp:attachment":[{"href":"https:\/\/hlrnet.com\/sites\/alt164\/wp-json\/wp\/v2\/media?parent=27973"}],"wp:term":[{"taxonomy":"category","embeddable":true,"href":"https:\/\/hlrnet.com\/sites\/alt164\/wp-json\/wp\/v2\/categories?post=27973"},{"taxonomy":"post_tag","embeddable":true,"href":"https:\/\/hlrnet.com\/sites\/alt164\/wp-json\/wp\/v2\/tags?post=27973"}],"curies":[{"name":"wp","href":"https:\/\/api.w.org\/{rel}","templated":true}]}}