{"id":27957,"date":"2026-04-30T07:40:53","date_gmt":"2026-04-30T07:40:53","guid":{"rendered":"https:\/\/hlrnet.com\/sites\/alt164\/?p=27957"},"modified":"2026-04-30T20:51:40","modified_gmt":"2026-04-30T20:51:40","slug":"2023-05-16-23-06-13-20-ele-al-dia-talleres-para-profesores-innovadores","status":"publish","type":"post","link":"https:\/\/hlrnet.com\/sites\/alt164\/2023-05-16-23-06-13-20-ele-al-dia-talleres-para-profesores-innovadores\/","title":{"rendered":"2026.05.16 &#038; 23 &#038; 06.13 &#038; 20 ELE al d\u00eda: talleres para profesores innovadores"},"content":{"rendered":"<p><span class=\"fontstyle0\">ELE al d\u00eda: talleres para profesores innovadores<\/span><\/p>\n<p><a href=\"https:\/\/www.congresosele.com\/\">Congresosele | Inicio<\/a><\/p>\n<p><a href=\"https:\/\/www.congresosele.com\/\" class=\"autohyperlink\">www.congresosele.com\/<\/a><\/p>\n<p><a href=\"https:\/\/hlrnet.com\/sites\/alt164\/files\/2026\/04\/ProgramaELEalDIA2026-1.pdf\"><strong>ProgramaELEalD\u00cdA2026<\/strong><\/a><\/p>\n<p><strong>s\u00e1bado 16 de mayo<\/strong><\/p>\n<p><span class=\"fontstyle4\">10.10 &#8211; 10.40 <span class=\"fontstyle5\">Bienvenida e Inauguraci\u00f3n del Curso<br \/>\n<\/span><\/span><span class=\"fontstyle4\">10.45 &#8211; 11.15 <span class=\"fontstyle0\">Laura Hern\u00e1ndez Ramos. T\u00eda Tula Colegio de Espa\u00f1ol. <\/span><\/span><span class=\"fontstyle4\"><strong><span class=\"fontstyle0\">Arte para expresarte<\/span><\/strong><br \/>\n<\/span><span class=\"fontstyle4\">11.20 &#8211; 11.50 Mar\u00eda de Castro. Colegio Ib\u00e9rico Salamanca.<strong> El arte como puente y la IA como herramienta: actividades pr\u00e1cticas en clase para la clase de ELE<\/strong><br \/>\n11.55- 12.25 os\u00e9 Jim\u00e9nez Serrano. Mester. <strong>Multiling\u00fcismo y ciudadan\u00eda global: el espa\u00f1ol como puente hacia las competencias interculturales<\/strong><\/span><\/p>\n<p><strong>s\u00e1bado 23 de mayo<\/strong><\/p>\n<p><span class=\"fontstyle4\">10.00-10.10 Bienvenida<br \/>\n10.10 &#8211; 10.40 <span class=\"fontstyle5\">Alfredo P\u00e9rez Berciano. Colegio Delibes.<strong> La literatura hecha canci\u00f3n en la clase de ELE<\/strong><br \/>\n<\/span><\/span><span class=\"fontstyle4\">10.45 &#8211; 11.15 <\/span><span class=\"fontstyle4\">Alejandro Rodr\u00edguez L\u00f3pez. Colegio Hispano Continental.<strong> Estrategias de comunicaci\u00f3n: recursos para salvar bloqueos en la producci\u00f3n oral de ex\u00e1menes<\/strong><br \/>\n<\/span><span class=\"fontstyle4\">11.20 &#8211; 11.50\u00a0<\/span>Mar\u00eda del Mar Mediero Isabel. Verbum Lab. <strong>El teatro como recurso did\u00e1ctico en ELE<br \/>\n<\/strong><span class=\"fontstyle4\">11.55- 12.25 Carlos Villanueva Garc\u00eda. Academia Berceo.<strong> Entre culturas y culturetas: claves pr\u00e1cticas de la pragm\u00e1tica cultural en ELE<\/strong><br \/>\n<\/span><\/p>\n<p><strong>s\u00e1bado 13 de junio<\/strong><\/p>\n<p><span class=\"fontstyle4\">10.00-10.10 Bienvenida<br \/>\n10.10 &#8211; 10.40 J<span class=\"fontstyle5\">ulia P\u00e9rez Rojo. Universidad de Valladolid. <strong>La Competencia Onom\u00e1stica en el aula de ELE<\/strong><br \/>\n<\/span><\/span><span class=\"fontstyle4\">10.45 &#8211; 11.15 <\/span><span class=\"fontstyle4\">Graziella Fantini. Centro Internacional Antonio Machado. CIAM. <strong>La mediaci\u00f3n en el aula de ELE<\/strong><br \/>\n<\/span><span class=\"fontstyle4\">11.20 &#8211; 11.50\u00a0<\/span>Mar\u00eda Lavin Miguel. Colegio de Espa\u00f1a.<strong> La motivaci\u00f3n en el aula de ELE: c\u00f3mo dise\u00f1ar actividades que inviten a participar<br \/>\n<\/strong><span class=\"fontstyle4\">11.55- 12.25 Roc\u00edo Mart\u00edn Mart\u00edn. DICE Salamanca. <strong>Metodolog\u00eda multisensorial en la ense\u00f1anza de espa\u00f1ol como LE\/L2<\/strong><br \/>\n<\/span><\/p>\n<p><strong>s\u00e1bado 20 de junio<\/strong><\/p>\n<p><span class=\"fontstyle4\">10.00-10.10 Bienvenida<br \/>\n10.10 &#8211; 10.40 <span class=\"fontstyle5\">Esther Gonz\u00e1lez Blanco y Ester Garc\u00eda Montero. Estudio Sampere Salamanca. <strong>La dinamizaci\u00f3n en el aula de ELE: la ense\u00f1anza-aprendizaje de vocabulario<\/strong><br \/>\n<\/span><\/span><span class=\"fontstyle4\">10.45 &#8211; 11.15 <\/span><span class=\"fontstyle4\">Ra\u00fal Urbina Fonturbel. Universidad de Burgos. <strong>Competencia sociocultural, estereotipos y multimodalidad. Un acercamiento a trav\u00e9s de la publicidad<\/strong><br \/>\n<\/span><span class=\"fontstyle4\">11.20 &#8211; 11.50\u00a0<\/span>Marta Vergara Pedreira. Universidad de Le\u00f3n.<strong> Las aulas multinivel. \u00bfC\u00f3mo afrontar el reto?<br \/>\n<\/strong><span class=\"fontstyle4\">11.55- 12.25 Sonia Casado Garc\u00eda. Universidad de Salamanca. <strong>La IA como aliada del aula de ELE: planificar en segundos, ense\u00f1ar con criterio<\/strong><br \/>\n<\/span><\/p>\n<div id=\"simple-translate\" class=\"simple-translate-system-theme\">\n<div>\n<div class=\"simple-translate-button isShow\" style=\"background-image: url('moz-extension:\/\/4fe9cde6-e923-4f4e-95a2-0682052323f6\/icons\/512.png'); height: 22px; width: 22px; top: 203px; left: 5px;\"><\/div>\n<div class=\"simple-translate-panel \" style=\"width: 300px; height: 200px; top: 0px; left: 0px; font-size: 13px;\">\n<div class=\"simple-translate-result-wrapper\" style=\"overflow: hidden;\">\n<div class=\"simple-translate-move\" draggable=\"true\"><\/div>\n<div class=\"simple-translate-result-contents\">\n<p class=\"simple-translate-candidate\" dir=\"auto\">\n<\/div>\n<\/div>\n<\/div>\n<\/div>\n<\/div>\n","protected":false},"excerpt":{"rendered":"<p>ELE al d\u00eda: talleres para profesores innovadores Congresosele | Inicio <a href=\"http:\/\/www.congresosele.com\/\" class=\"autohyperlink\">www.congresosele.com\/<\/a> ProgramaELEalD\u00cdA2026 s\u00e1bado 16 de mayo 10.10 &#8211; 10.40 Bienvenida e Inauguraci\u00f3n del Curso 10.45 &#8211; 11.15 Laura Hern\u00e1ndez Ramos. T\u00eda Tula Colegio de Espa\u00f1ol. Arte para expresarte 11.20 &#8211; 11.50 Mar\u00eda de Castro. Colegio Ib\u00e9rico Salamanca. El arte como<\/p>\n","protected":false},"author":1,"featured_media":0,"comment_status":"closed","ping_status":"closed","sticky":false,"template":"","format":"standard","meta":{"iawp_total_views":3,"footnotes":"","_wp_rev_ctl_limit":""},"categories":[3,64,47,5,9],"tags":[187],"class_list":["post-27957","post","type-post","status-publish","format-standard","hentry","category-agenda","category-en-linea","category-espana-jornadas-y-congresos-int","category-internacional","category-jornadas-y-congresos-int","tag-agenda-ensenanza"],"publishpress_future_action":{"enabled":true,"date":"2026-06-20 20:03:00","action":"delete","newStatus":"draft","terms":[0],"taxonomy":"category","extraData":[]},"publishpress_future_workflow_manual_trigger":{"enabledWorkflows":[]},"_links":{"self":[{"href":"https:\/\/hlrnet.com\/sites\/alt164\/wp-json\/wp\/v2\/posts\/27957","targetHints":{"allow":["GET"]}}],"collection":[{"href":"https:\/\/hlrnet.com\/sites\/alt164\/wp-json\/wp\/v2\/posts"}],"about":[{"href":"https:\/\/hlrnet.com\/sites\/alt164\/wp-json\/wp\/v2\/types\/post"}],"author":[{"embeddable":true,"href":"https:\/\/hlrnet.com\/sites\/alt164\/wp-json\/wp\/v2\/users\/1"}],"replies":[{"embeddable":true,"href":"https:\/\/hlrnet.com\/sites\/alt164\/wp-json\/wp\/v2\/comments?post=27957"}],"version-history":[{"count":3,"href":"https:\/\/hlrnet.com\/sites\/alt164\/wp-json\/wp\/v2\/posts\/27957\/revisions"}],"predecessor-version":[{"id":27966,"href":"https:\/\/hlrnet.com\/sites\/alt164\/wp-json\/wp\/v2\/posts\/27957\/revisions\/27966"}],"wp:attachment":[{"href":"https:\/\/hlrnet.com\/sites\/alt164\/wp-json\/wp\/v2\/media?parent=27957"}],"wp:term":[{"taxonomy":"category","embeddable":true,"href":"https:\/\/hlrnet.com\/sites\/alt164\/wp-json\/wp\/v2\/categories?post=27957"},{"taxonomy":"post_tag","embeddable":true,"href":"https:\/\/hlrnet.com\/sites\/alt164\/wp-json\/wp\/v2\/tags?post=27957"}],"curies":[{"name":"wp","href":"https:\/\/api.w.org\/{rel}","templated":true}]}}