{"id":27951,"date":"2026-04-29T09:30:25","date_gmt":"2026-04-29T09:30:25","guid":{"rendered":"https:\/\/hlrnet.com\/sites\/alt164\/?p=27951"},"modified":"2026-04-29T09:30:25","modified_gmt":"2026-04-29T09:30:25","slug":"concurso-internacional-de-fotografia-don-quijote-ante-la-ciencia","status":"publish","type":"post","link":"https:\/\/hlrnet.com\/sites\/alt164\/concurso-internacional-de-fotografia-don-quijote-ante-la-ciencia\/","title":{"rendered":"Concurso internacional de fotograf\u00eda Don Quijote ante la ciencia"},"content":{"rendered":"<p><span class=\"fontstyle0\">Concurso internacional de fotograf\u00eda Don Quijote ante la ciencia<\/span><\/p>\n<p><span class=\"fontstyle0\">Inspirado en la exposici\u00f3n del CSIC Bruselas e Instituto Cervantes de <\/span><span class=\"fontstyle0\">Don Quijote y la ciencia <\/span><span class=\"fontstyle0\">y realizado por Terra Curanda vzw (para Lovaina, ciudad cervantina) <\/span><span class=\"fontstyle0\"><a href=\"http:\/\/www.terracuranda.org\" class=\"autohyperlink\">www.terracuranda.org<\/a><\/span><\/p>\n<p><span class=\"fontstyle0\">Tema y objetivo:<\/span><\/p>\n<p><span class=\"fontstyle0\">Invitamos a realizar una fotograf\u00eda sobre <\/span><span class=\"fontstyle0\">Don Quijote de la Mancha <\/span><span class=\"fontstyle0\">y el mundo de la ciencia y la tecnolog\u00eda en dos \u00e9pocas creativas:<\/span><\/p>\n<p><span class=\"fontstyle0\">1. Don Quijote y la ciencia de su tiempo: \u00bfC\u00f3mo comprend\u00eda los avances cient\u00edficos del XVII?<\/span><\/p>\n<p><span class=\"fontstyle0\">2. Don Quijote en el mundo cient\u00edfico actual: \u00bfC\u00f3mo ver\u00eda Don Quijote nuestro mundo?<\/span><\/p>\n<p><span class=\"fontstyle0\">La fotograf\u00eda en formato cuadrado (1:1) -JPG o PNG- representar\u00e1 uno de estos dos mundos \u2014 o el di\u00e1logo entre ambos\u2014 inspir\u00e1ndose en el universo quijotesco.<\/span><\/p>\n<table class=\"NormalTable\">\n<tbody>\n<tr>\n<td style=\"border-style: none;\" width=\"200\"><span class=\"fontstyle0\">Env\u00edo por email hasta el 30 de mayo de 2026 a: <\/span><span class=\"fontstyle0\"><a href=\"mailto:quijoteenlovaina@gmail.com\" class=\"autohyperlink\">quijoteenlovaina@gmail.com<\/a><\/span><span class=\"fontstyle0\">1. T\u00edtulo del email: \u00a8Concurso de fotograf\u00eda Don Quijote ante la ciencia\u00a82. Cuerpo del mensaje incluye:<\/span><span class=\"fontstyle2\">\uf0b7 <\/span><span class=\"fontstyle0\">T\u00edtulo de la obra fotogr\u00e1fica;<\/span><span class=\"fontstyle2\">\uf0b7 <\/span><span class=\"fontstyle0\">Texto explicativo de hasta 30 palabras: \u00bfQu\u00e9 representa la imagen?\u00bfC\u00f3mo se relaciona con Don Quijote? \u00bfQu\u00e9 idea cient\u00edfica o t\u00e9cnicasugiere?<\/span><span class=\"fontstyle2\">\uf0b7 <\/span><span class=\"fontstyle0\">Nombre y apellido de autor\/a; ciudad y pa\u00eds de autor\/a3. Agregar como adjunto con t\u00edtulo de la obra: la fotogr\u00e1fica en JPG o PNG<\/span><\/td>\n<\/tr>\n<\/tbody>\n<\/table>\n<p><span class=\"fontstyle0\">Regla 1. Se permiten fotograf\u00edas directas, intervenidas o montajes fotogr\u00e1ficos.<\/span><\/p>\n<p><span class=\"fontstyle0\">Regla 2. No se aceptan im\u00e1genes generadas \u00edntegramente por IA. Indicar si se ha usado IA.<\/span><\/p>\n<p><span class=\"fontstyle0\">Jurado y premios: El Jurado eval\u00faa las obras de forma an\u00f3nima e inapelable.<\/span><\/p>\n<p><span class=\"fontstyle0\">Fallo del jurado: 15 de junio de 2026<\/span><\/p>\n<p><span class=\"fontstyle0\">Premios: Bonos para libros; suscripciones digitales a la biblioteca del Instituto Cervantes<\/span><\/p>\n<p><span class=\"fontstyle0\">Exposici\u00f3n: Las obras que cumplan los requisitos formar\u00e1n parte de una exposici\u00f3n online.<\/span><\/p>\n<p><span class=\"fontstyle0\">Diplomas: Todos los participantes recibir\u00e1n certificado digital<\/span><\/p>\n<p><a href=\"https:\/\/hlrnet.com\/sites\/alt164\/files\/2026\/04\/Concurso-internacional-de-fotografia-sobre-Don-Quijote-y-ciencia-rev.pdf\">Concurso internacional de fotografi\u0301a sobre Don Quijote y ciencia<\/a><\/p>\n<div id=\"simple-translate\" class=\"simple-translate-system-theme\">\n<div>\n<div class=\"simple-translate-button isShow\" style=\"background-image: url('moz-extension:\/\/4fe9cde6-e923-4f4e-95a2-0682052323f6\/icons\/512.png'); height: 22px; width: 22px; top: 1111px; left: 570px;\"><\/div>\n<div class=\"simple-translate-panel \" style=\"width: 300px; height: 200px; top: 0px; left: 0px; font-size: 13px;\">\n<div class=\"simple-translate-result-wrapper\" style=\"overflow: hidden;\">\n<div class=\"simple-translate-move\" draggable=\"true\"><\/div>\n<div class=\"simple-translate-result-contents\">\n<p class=\"simple-translate-result\" dir=\"auto\">\n<p class=\"simple-translate-candidate\" dir=\"auto\">\n<\/div>\n<\/div>\n<\/div>\n<\/div>\n<\/div>\n","protected":false},"excerpt":{"rendered":"<p>Concurso internacional de fotograf\u00eda Don Quijote ante la ciencia Inspirado en la exposici\u00f3n del CSIC Bruselas e Instituto Cervantes de Don Quijote y la ciencia y realizado por Terra Curanda vzw (para Lovaina, ciudad cervantina) <a href=\"http:\/\/www.terracuranda.org\" class=\"autohyperlink\">www.terracuranda.org<\/a> Tema y objetivo: Invitamos a realizar una fotograf\u00eda sobre Don Quijote de la Mancha<\/p>\n","protected":false},"author":1,"featured_media":0,"comment_status":"closed","ping_status":"closed","sticky":false,"template":"","format":"standard","meta":{"iawp_total_views":0,"footnotes":"","_wp_rev_ctl_limit":""},"categories":[3,31],"tags":[],"class_list":["post-27951","post","type-post","status-publish","format-standard","hentry","category-agenda","category-concursos"],"publishpress_future_action":{"enabled":false,"date":"2026-05-07 15:42:18","action":"delete","newStatus":"draft","terms":[],"taxonomy":"category","extraData":[]},"publishpress_future_workflow_manual_trigger":{"enabledWorkflows":[]},"_links":{"self":[{"href":"https:\/\/hlrnet.com\/sites\/alt164\/wp-json\/wp\/v2\/posts\/27951","targetHints":{"allow":["GET"]}}],"collection":[{"href":"https:\/\/hlrnet.com\/sites\/alt164\/wp-json\/wp\/v2\/posts"}],"about":[{"href":"https:\/\/hlrnet.com\/sites\/alt164\/wp-json\/wp\/v2\/types\/post"}],"author":[{"embeddable":true,"href":"https:\/\/hlrnet.com\/sites\/alt164\/wp-json\/wp\/v2\/users\/1"}],"replies":[{"embeddable":true,"href":"https:\/\/hlrnet.com\/sites\/alt164\/wp-json\/wp\/v2\/comments?post=27951"}],"version-history":[{"count":1,"href":"https:\/\/hlrnet.com\/sites\/alt164\/wp-json\/wp\/v2\/posts\/27951\/revisions"}],"predecessor-version":[{"id":27953,"href":"https:\/\/hlrnet.com\/sites\/alt164\/wp-json\/wp\/v2\/posts\/27951\/revisions\/27953"}],"wp:attachment":[{"href":"https:\/\/hlrnet.com\/sites\/alt164\/wp-json\/wp\/v2\/media?parent=27951"}],"wp:term":[{"taxonomy":"category","embeddable":true,"href":"https:\/\/hlrnet.com\/sites\/alt164\/wp-json\/wp\/v2\/categories?post=27951"},{"taxonomy":"post_tag","embeddable":true,"href":"https:\/\/hlrnet.com\/sites\/alt164\/wp-json\/wp\/v2\/tags?post=27951"}],"curies":[{"name":"wp","href":"https:\/\/api.w.org\/{rel}","templated":true}]}}