{"id":14004,"date":"2020-01-20T16:19:09","date_gmt":"2020-01-20T16:19:09","guid":{"rendered":"https:\/\/hlrnet.com\/sites\/alt164\/?p=14004"},"modified":"2026-02-14T20:28:59","modified_gmt":"2026-02-14T20:28:59","slug":"tiempos-del-pasado-actividades-para-el-nivel-b2","status":"publish","type":"post","link":"https:\/\/hlrnet.com\/sites\/alt164\/tiempos-del-pasado-actividades-para-el-nivel-b2\/","title":{"rendered":"Tiempos del pasado: actividades para el nivel B2"},"content":{"rendered":"<ul>\n<li>Actividades de repaso (niveles inferiores)\n<ul>\n<li><a href=\"https:\/\/aprenderespanol.org\/verbos\/preterito-imperfecto-indefinido.html\">Aprender espa\u00f1ol<\/a><\/li>\n<li><a href=\"https:\/\/www.todo-claro.com\/castellano\/intermedio\/gramatica\/Los_pasados\/Seite_1.php\">Ejercicio de espa\u00f1ol (gram\u00e1tica): PASADOS &#8211; p\u00e1gina 1 de 11<\/a><\/li>\n<li><a href=\"https:\/\/charlaenespanol.wordpress.com\/2015\/10\/07\/contraste-tiempos-del-pasado-indicativo\/\">Contraste tiempos del pasado (Indicativo) | charlaenespa\u00f1ol<\/a><\/li>\n<li><a href=\"https:\/\/www.profedeele.es\/actividad\/gramatica\/hablar-pasado-imperfecto-indefinido-1\/\">Hablar del pasado: Contraste de pasados \u00bb ProfeDeELE.es<\/a><\/li>\n<li><a href=\"https:\/\/blogdeespanol.com\/2014\/10\/revision-de-pasados-espanol\/\">Revisi\u00f3n de pasados espa\u00f1ol &#8211; El blog para aprender espa\u00f1o<\/a><\/li>\n<li><a href=\"https:\/\/profevio.wordpress.com\/2017\/09\/21\/usos-y-formas-de-los-tiempos-del-pasado-repaso\/\">Usos y formas de los tiempos del pasado. Repaso. \u2013 ProfeVio<\/a><\/li>\n<\/ul>\n<\/li>\n<li>Esquemas acompa\u00f1ados de ejercicios con autocorrecci\u00f3n\n<ul>\n<li><a href=\"https:\/\/hlrnet.com\/sites\/taller\/?cat=91\">Taller de autonom\u00eda (hlrnet)<\/a><\/li>\n<\/ul>\n<\/li>\n<li>Adem\u00e1s&#8230;\n<ul>\n<li><a href=\"https:\/\/www.ailmadrid.com\/es\/recursos-linguisticos\/quizzes\/nivel-b2\/\">AIL: actividades B2<\/a><\/li>\n<li><a href=\"https:\/\/books.google.be\/books?id=Z_3KDUOuIgoC&amp;pg=PA137&amp;lpg=PA137&amp;dq=tiempos+del+pasado+ejercicios+b2&amp;source=bl&amp;ots=xWfywnGuDg&amp;sig=ACfU3U0M_HF5DAWK_XT_QDRw6MTpieSMJg&amp;hl=nl&amp;sa=X&amp;ved=2ahUKEwifsfzKxZLnAhWGLewKHVwqDrU4ChDoATALegQIChAB#v=onepage&amp;q=tiempos%20del%20pasado%20ejercicios%20b2&amp;f=false\">Manual Pr\u00e1ctico de los tiempos del pasado en espa\u00f1ol &#8211; Herm\u00e1n Gil Toja<\/a><\/li>\n<\/ul>\n<\/li>\n<\/ul>\n","protected":false},"excerpt":{"rendered":"<p>Actividades de repaso (niveles inferiores) Aprender espa\u00f1ol Ejercicio de espa\u00f1ol (gram\u00e1tica): PASADOS &#8211; p\u00e1gina 1 de 11 Contraste tiempos del pasado (Indicativo) | charlaenespa\u00f1ol Hablar del pasado: Contraste de pasados \u00bb ProfeDeELE.es Revisi\u00f3n de pasados espa\u00f1ol &#8211; El blog para aprender espa\u00f1o Usos y formas de los tiempos del pasado.<\/p>\n","protected":false},"author":1,"featured_media":0,"comment_status":"closed","ping_status":"closed","sticky":false,"template":"","format":"standard","meta":{"iawp_total_views":2036,"footnotes":"","_wp_rev_ctl_limit":""},"categories":[13],"tags":[],"class_list":["post-14004","post","type-post","status-publish","format-standard","hentry","category-materiales"],"publishpress_future_action":{"enabled":false,"date":"2026-05-03 14:20:31","action":"delete","newStatus":"draft","terms":[],"taxonomy":"category","extraData":[]},"publishpress_future_workflow_manual_trigger":{"enabledWorkflows":[]},"_links":{"self":[{"href":"https:\/\/hlrnet.com\/sites\/alt164\/wp-json\/wp\/v2\/posts\/14004","targetHints":{"allow":["GET"]}}],"collection":[{"href":"https:\/\/hlrnet.com\/sites\/alt164\/wp-json\/wp\/v2\/posts"}],"about":[{"href":"https:\/\/hlrnet.com\/sites\/alt164\/wp-json\/wp\/v2\/types\/post"}],"author":[{"embeddable":true,"href":"https:\/\/hlrnet.com\/sites\/alt164\/wp-json\/wp\/v2\/users\/1"}],"replies":[{"embeddable":true,"href":"https:\/\/hlrnet.com\/sites\/alt164\/wp-json\/wp\/v2\/comments?post=14004"}],"version-history":[{"count":2,"href":"https:\/\/hlrnet.com\/sites\/alt164\/wp-json\/wp\/v2\/posts\/14004\/revisions"}],"predecessor-version":[{"id":27625,"href":"https:\/\/hlrnet.com\/sites\/alt164\/wp-json\/wp\/v2\/posts\/14004\/revisions\/27625"}],"wp:attachment":[{"href":"https:\/\/hlrnet.com\/sites\/alt164\/wp-json\/wp\/v2\/media?parent=14004"}],"wp:term":[{"taxonomy":"category","embeddable":true,"href":"https:\/\/hlrnet.com\/sites\/alt164\/wp-json\/wp\/v2\/categories?post=14004"},{"taxonomy":"post_tag","embeddable":true,"href":"https:\/\/hlrnet.com\/sites\/alt164\/wp-json\/wp\/v2\/tags?post=14004"}],"curies":[{"name":"wp","href":"https:\/\/api.w.org\/{rel}","templated":true}]}}