{"id":6856,"date":"2026-09-02T18:20:03","date_gmt":"2026-09-02T18:20:03","guid":{"rendered":"https:\/\/hlrnet.com\/sites\/alt128\/?p=6856"},"modified":"2026-09-02T18:20:03","modified_gmt":"2026-09-02T18:20:03","slug":"2026-09-25-series-tv-et-textes-narratifs","status":"publish","type":"post","link":"https:\/\/hlrnet.com\/sites\/alt128\/2026-09-25-series-tv-et-textes-narratifs\/","title":{"rendered":"2026.09.25 S\u00e9ries TV et textes narratifs"},"content":{"rendered":"<p>S\u00e9ries TV et textes narratifs<br \/>\nJourn\u00e9e d&rsquo;\u00e9tudes organis\u00e9e dans le cadre de l&rsquo;UR ALTER (Arts\/Langages : Transitions et Relations)<br \/>\nUniversit\u00e9 de Pau et des Pays de l&rsquo;Adour, coll\u00e8ge SSH &#8211; Amphith\u00e9\u00e2tre de la Pr\u00e9sidence<br \/>\nVendredi 25 septembre 2026, 9h-16h30<br \/>\n<a href=\"https:\/\/www.ghu-paris.fr\/fr\/agenda\/litterature-psychiatrie-vers-une-verite-de-la-fiction\" class=\"autohyperlink\">www.ghu-paris.fr\/fr\/agenda\/litterature-psychiatrie-vers-une-verite-de-la-fiction<\/a><\/p>\n<div id=\"simple-translate\" class=\"simple-translate-system-theme\">\n<div>\n<div class=\"simple-translate-button isShow\" style=\"background-image: url('moz-extension:\/\/2df88854-1fe3-4e2d-a044-24e6facecdb1\/icons\/512.png'); height: 22px; width: 22px; top: 47px; left: -38px;\"><\/div>\n<div class=\"simple-translate-panel \" style=\"width: 300px; height: 200px; top: 0px; left: 0px; font-size: 13px;\">\n<div class=\"simple-translate-result-wrapper\" style=\"overflow: hidden;\">\n<div class=\"simple-translate-move\" draggable=\"true\"><\/div>\n<div class=\"simple-translate-result-contents\">\n<p class=\"simple-translate-result\" dir=\"auto\">\n<p class=\"simple-translate-candidate\" dir=\"auto\">\n<\/div>\n<\/div>\n<\/div>\n<\/div>\n<\/div>\n","protected":false},"excerpt":{"rendered":"<p>S\u00e9ries TV et textes narratifs Journ\u00e9e d&rsquo;\u00e9tudes organis\u00e9e dans le cadre de l&rsquo;UR ALTER (Arts\/Langages : Transitions et Relations) Universit\u00e9 de Pau et des Pays de l&rsquo;Adour, coll\u00e8ge SSH &#8211; Amphith\u00e9\u00e2tre de la Pr\u00e9sidence Vendredi 25 septembre 2026, 9h-16h30 www.ghu-paris.fr\/fr\/agenda\/litterature-psychiatrie-vers-une-verite-de-la-fiction<\/p>\n","protected":false},"author":1,"featured_media":0,"comment_status":"closed","ping_status":"closed","sticky":false,"template":"","format":"standard","meta":{"footnotes":"","_wp_rev_ctl_limit":""},"categories":[3,13],"tags":[],"class_list":["post-6856","post","type-post","status-publish","format-standard","hentry","category-agenda","category-litterature"],"publishpress_future_action":{"enabled":true,"date":"2026-09-25 18:19:00","action":"delete","newStatus":"draft","terms":[0],"taxonomy":"category","extraData":[]},"publishpress_future_workflow_manual_trigger":{"enabledWorkflows":[]},"_links":{"self":[{"href":"https:\/\/hlrnet.com\/sites\/alt128\/wp-json\/wp\/v2\/posts\/6856","targetHints":{"allow":["GET"]}}],"collection":[{"href":"https:\/\/hlrnet.com\/sites\/alt128\/wp-json\/wp\/v2\/posts"}],"about":[{"href":"https:\/\/hlrnet.com\/sites\/alt128\/wp-json\/wp\/v2\/types\/post"}],"author":[{"embeddable":true,"href":"https:\/\/hlrnet.com\/sites\/alt128\/wp-json\/wp\/v2\/users\/1"}],"replies":[{"embeddable":true,"href":"https:\/\/hlrnet.com\/sites\/alt128\/wp-json\/wp\/v2\/comments?post=6856"}],"version-history":[{"count":1,"href":"https:\/\/hlrnet.com\/sites\/alt128\/wp-json\/wp\/v2\/posts\/6856\/revisions"}],"predecessor-version":[{"id":6857,"href":"https:\/\/hlrnet.com\/sites\/alt128\/wp-json\/wp\/v2\/posts\/6856\/revisions\/6857"}],"wp:attachment":[{"href":"https:\/\/hlrnet.com\/sites\/alt128\/wp-json\/wp\/v2\/media?parent=6856"}],"wp:term":[{"taxonomy":"category","embeddable":true,"href":"https:\/\/hlrnet.com\/sites\/alt128\/wp-json\/wp\/v2\/categories?post=6856"},{"taxonomy":"post_tag","embeddable":true,"href":"https:\/\/hlrnet.com\/sites\/alt128\/wp-json\/wp\/v2\/tags?post=6856"}],"curies":[{"name":"wp","href":"https:\/\/api.w.org\/{rel}","templated":true}]}}