{"id":3698,"date":"2021-01-02T10:38:30","date_gmt":"2021-01-02T10:38:30","guid":{"rendered":"https:\/\/hlrnet.com\/sites\/alt128\/?p=3698"},"modified":"2021-01-02T10:38:30","modified_gmt":"2021-01-02T10:38:30","slug":"resumes-de-lan-2020","status":"publish","type":"post","link":"https:\/\/hlrnet.com\/sites\/alt128\/resumes-de-lan-2020\/","title":{"rendered":"R\u00e9sum\u00e9s de l&rsquo;an 2020"},"content":{"rendered":"<p>Dix \u00e9v\u00e9nements qui ont marqu\u00e9 l&rsquo;ann\u00e9e 2020<br \/>\n<a href=\"https:\/\/www.france24.com\/fr\/europe\/20201230-dix-%C3%A9v%C3%A9nements-qui-ont-marqu%C3%A9-l-ann%C3%A9e-2020\" class=\"autohyperlink\">www.france24.com\/fr\/europe\/20201230-dix-%C3%A9v%C3%A9nements-qui-ont-marqu%C3%A9-l-ann%C3%A9e-2020<\/a><\/p>\n<p>Edito: 2020, \u00e0 oublier ? Pas si vite\u2026 &#8211; La Libre<br \/>\n<a href=\"https:\/\/www.lalibre.be\/debats\/edito\/2020-a-oublier-pas-si-vite-5fef71e87b50a652f7714b16\" class=\"autohyperlink\">www.lalibre.be\/debats\/edito\/2020-a-oublier-pas-si-vite-5fef71e87b50a652f7714b16<\/a><\/p>\n<p>Environnement, justice, f\u00e9minisme\u2026 ces bonnes nouvelles qui ont marqu\u00e9 l\u2019ann\u00e9e 2020 malgr\u00e9 tout<br \/>\n<a href=\"https:\/\/www.lemonde.fr\/les-decodeurs\/article\/2020\/12\/31\/environnement-justice-feminisme-ces-bonnes-nouvelles-qui-ont-marque-l-annee-2020-malgre-tout_6064881_4355770.html\" class=\"autohyperlink\">www.lemonde.fr\/les-decodeurs\/article\/2020\/12\/31\/environnement-justice-feminisme-ces-bonnes-nouvelles-qui-ont-marque-l-annee-2020-malgre-tout_6064881_4355770.html<\/a><\/p>\n<p>\u00ab Le Covid-19, Xi Jinping et Donald Trump ont domin\u00e9 l\u2019ann\u00e9e 2020 \u00bb<br \/>\n<a href=\"https:\/\/www.lemonde.fr\/idees\/article\/2020\/12\/31\/le-covid-19-xi-jinping-et-donald-trump-ont-domine-l-annee-2020_6064883_3232.html\" class=\"autohyperlink\">www.lemonde.fr\/idees\/article\/2020\/12\/31\/le-covid-19-xi-jinping-et-donald-trump-ont-domine-l-annee-2020_6064883_3232.html<\/a><\/p>\n<p>Dix femmes qui ont marqu\u00e9 l&rsquo;ann\u00e9e 2020<br \/>\n<a href=\"https:\/\/www.france24.com\/fr\/europe\/20201229-dix-femmes-qui-ont-marqu%C3%A9-l-ann%C3%A9e-2020\" class=\"autohyperlink\">www.france24.com\/fr\/europe\/20201229-dix-femmes-qui-ont-marqu%C3%A9-l-ann%C3%A9e-2020<\/a><\/p>\n<p>LaLibre.be &#8211; Retrospective 2020<br \/>\n<a href=\"https:\/\/dossiers.lalibre.be\/retrospective-2020\/\" class=\"autohyperlink\">dossiers.lalibre.be\/retrospective-2020\/<\/a><\/p>\n<p>Ils nous ont quitt\u00e9s en 2020<br \/>\n<a href=\"https:\/\/www.france24.com\/fr\/france\/20201231-ils-nous-ont-quitt%C3%A9s-en-2020\" class=\"autohyperlink\">www.france24.com\/fr\/france\/20201231-ils-nous-ont-quitt%C3%A9s-en-2020<\/a><\/p>\n<p>L&rsquo;ann\u00e9e 2020 aura \u00e9t\u00e9 la plus chaude jamais enregistr\u00e9e en Belgique &#8211; La Libre<br \/>\n<a href=\"https:\/\/www.lalibre.be\/planete\/environnement\/l-annee-2020-aura-ete-la-plus-chaude-jamais-enregistree-en-belgique-5fef27f1d8ad5844d1278aa1\" class=\"autohyperlink\">www.lalibre.be\/planete\/environnement\/l-annee-2020-aura-ete-la-plus-chaude-jamais-enregistree-en-belgique-5fef27f1d8ad5844d1278aa1<\/a><\/p>\n<p>Climat: un lourd bilan 2020, des perspectives pr\u00e9occupantes pour 2021 &#8211; Le Soir Plus<br \/>\n<a href=\"https:\/\/plus.lesoir.be\/346579\/article\/2021-01-01\/climat-un-lourd-bilan-2020-des-perspectives-preoccupantes-pour-2021\" class=\"autohyperlink\">plus.lesoir.be\/346579\/article\/2021-01-01\/climat-un-lourd-bilan-2020-des-perspectives-preoccupantes-pour-2021<\/a><\/p>\n<p>Les articles de France 24 les plus lus en 2020, ann\u00e9e boulevers\u00e9e par le Covid-19<br \/>\n<a href=\"https:\/\/www.france24.com\/fr\/europe\/20210101-les-articles-de-france-24-les-plus-lus-en-2020-ann%C3%A9e-boulevers%C3%A9e-par-le-covid-19\" class=\"autohyperlink\">www.france24.com\/fr\/europe\/20210101-les-articles-de-france-24-les-plus-lus-en-2020-ann%C3%A9e-boulevers%C3%A9e-par-le-covid-19<\/a><\/p>\n<p>Une ann\u00e9e comme nulle autre : 100 images qui ont marqu\u00e9 2020<br \/>\n<a href=\"https:\/\/www.lefigaro.fr\/photos\/une-annee-comme-nulle-autre-revivez-2020-en-100-images-20201230\" class=\"autohyperlink\">www.lefigaro.fr\/photos\/une-annee-comme-nulle-autre-revivez-2020-en-100-images-20201230<\/a><\/p>\n<p>Claire Marin : \u00ab Il va falloir peut-\u00eatre admettre que 2020 nous pr\u00e9pare douloureusement \u00e0 l\u2019id\u00e9e de devoir vivre autrement \u00bb<br \/>\n<a href=\"https:\/\/www.lemonde.fr\/idees\/article\/2020\/12\/27\/claire-marin-nous-sommes-confines-mentalement-bien-plus-encore-que-nous-ne-l-avons-ete-physiquement_6064576_3232.html\" class=\"autohyperlink\">www.lemonde.fr\/idees\/article\/2020\/12\/27\/claire-marin-nous-sommes-confines-mentalement-bien-plus-encore-que-nous-ne-l-avons-ete-physiquement_6064576_3232.html<\/a><\/p>\n<p>&nbsp;<\/p>\n","protected":false},"excerpt":{"rendered":"<p>Dix \u00e9v\u00e9nements qui ont marqu\u00e9 l&rsquo;ann\u00e9e 2020 <a href=\"http:\/\/www.france24.com\/fr\/europe\/20201230-dix-%C3%A9v%C3%A9nements-qui-ont-marqu%C3%A9-l-ann%C3%A9e-2020\" class=\"autohyperlink\">www.france24.com\/fr\/europe\/20201230-dix-%C3%A9v%C3%A9nements-qui-ont-marqu%C3%A9-l-ann%C3%A9e-2020<\/a> Edito: 2020, \u00e0 oublier ? Pas si vite\u2026 &#8211; La Libre www.lalibre.be\/debats\/edito\/2020-a-oublier-pas-si-vite-5fef71e87b50a652f7714b16 Environnement, justice, f\u00e9minisme\u2026 ces bonnes nouvelles qui ont marqu\u00e9 l\u2019ann\u00e9e 2020 malgr\u00e9 tout www.lemonde.fr\/les-decodeurs\/article\/2020\/12\/31\/environnement-justice-feminisme-ces-bonnes-nouvelles-qui-ont-marque-l-annee-2020-malgre-tout_6064881_4355770.html \u00ab Le Covid-19, Xi Jinping et Donald Trump ont domin\u00e9 l\u2019ann\u00e9e 2020 \u00bb www.lemonde.fr\/idees\/article\/2020\/12\/31\/le-covid-19-xi-jinping-et-donald-trump-ont-domine-l-annee-2020_6064883_3232.html Dix femmes<\/p>\n","protected":false},"author":1,"featured_media":0,"comment_status":"closed","ping_status":"closed","sticky":false,"template":"","format":"standard","meta":{"footnotes":"","_wp_rev_ctl_limit":""},"categories":[2],"tags":[],"class_list":["post-3698","post","type-post","status-publish","format-standard","hentry","category-actualite"],"publishpress_future_action":{"enabled":false,"date":"2026-05-02 04:56:07","action":"delete","newStatus":"draft","terms":[],"taxonomy":"category","extraData":[]},"publishpress_future_workflow_manual_trigger":{"enabledWorkflows":[]},"_links":{"self":[{"href":"https:\/\/hlrnet.com\/sites\/alt128\/wp-json\/wp\/v2\/posts\/3698","targetHints":{"allow":["GET"]}}],"collection":[{"href":"https:\/\/hlrnet.com\/sites\/alt128\/wp-json\/wp\/v2\/posts"}],"about":[{"href":"https:\/\/hlrnet.com\/sites\/alt128\/wp-json\/wp\/v2\/types\/post"}],"author":[{"embeddable":true,"href":"https:\/\/hlrnet.com\/sites\/alt128\/wp-json\/wp\/v2\/users\/1"}],"replies":[{"embeddable":true,"href":"https:\/\/hlrnet.com\/sites\/alt128\/wp-json\/wp\/v2\/comments?post=3698"}],"version-history":[{"count":1,"href":"https:\/\/hlrnet.com\/sites\/alt128\/wp-json\/wp\/v2\/posts\/3698\/revisions"}],"predecessor-version":[{"id":3699,"href":"https:\/\/hlrnet.com\/sites\/alt128\/wp-json\/wp\/v2\/posts\/3698\/revisions\/3699"}],"wp:attachment":[{"href":"https:\/\/hlrnet.com\/sites\/alt128\/wp-json\/wp\/v2\/media?parent=3698"}],"wp:term":[{"taxonomy":"category","embeddable":true,"href":"https:\/\/hlrnet.com\/sites\/alt128\/wp-json\/wp\/v2\/categories?post=3698"},{"taxonomy":"post_tag","embeddable":true,"href":"https:\/\/hlrnet.com\/sites\/alt128\/wp-json\/wp\/v2\/tags?post=3698"}],"curies":[{"name":"wp","href":"https:\/\/api.w.org\/{rel}","templated":true}]}}